{"id":6784,"date":"2025-11-04T08:46:44","date_gmt":"2025-11-04T08:46:44","guid":{"rendered":"https:\/\/videllebionatura.it\/bodeneigenschaften-und-mikroklima\/"},"modified":"2025-11-15T15:51:47","modified_gmt":"2025-11-15T15:51:47","slug":"bodeneigenschaften-und-mikroklima","status":"publish","type":"post","link":"https:\/\/videllebionatura.it\/de\/bodeneigenschaften-und-mikroklima\/","title":{"rendered":"Bodeneigenschaften und Mikroklima"},"content":{"rendered":"\t\t<div data-elementor-type=\"wp-post\" data-elementor-id=\"6784\" class=\"elementor elementor-6784 elementor-6498\">\n\t\t\t\t<div class=\"elementor-element elementor-element-612842e4 e-flex e-con-boxed e-con e-parent\" data-id=\"612842e4\" data-element_type=\"container\" data-e-type=\"container\">\n\t\t\t\t\t<div class=\"e-con-inner\">\n\t\t\t\t<div class=\"elementor-element elementor-element-68e1bfd3 elementor-widget elementor-widget-text-editor\" data-id=\"68e1bfd3\" data-element_type=\"widget\" data-e-type=\"widget\" data-widget_type=\"text-editor.default\">\n\t\t\t\t<div class=\"elementor-widget-container\">\n\t\t\t\t\t\t\t\t\t\n<p>T\u00e4glich streicheln die Zweige unserer <strong>Olivenhaine<\/strong> die Ufer des <strong>Lago<\/strong> <strong>di<\/strong> <strong>Garda<\/strong>, aus dem sie lebenswichtigen Saft f\u00fcr ihren Unterhalt ziehen. <\/p>\n<p>Und der <strong>Olivenanbau<\/strong> hat hier seine Wurzeln in uralten Zeiten: Man denke nur daran, dass antike Texte von Gruppen von <strong>Griechen<\/strong> <strong>aus<\/strong> <strong>Athen<\/strong> berichten, die sich hier niederlie\u00dfen und landwirtschaftliche Praktiken und nat\u00fcrlich den Olivenanbau entwickelten.<\/p>\n<p>Aber was macht <strong>unser<\/strong> <strong>Gebiet<\/strong> so besonders?<br>Die Anwesenheit des gro\u00dfen Gardasees, der dank seiner Gr\u00f6\u00dfe das Klima mildern und jenen thermischen Schwung erzeugen kann, der das \u00dcberleben der Olivenb\u00e4ume gew\u00e4hrleistet. Vergessen wir nicht, dass wir uns an einem der n\u00f6rdlichsten Punkte der Welt f\u00fcr deren Anbau befinden. <\/p>\n<p>Die <strong>Mor\u00e4nen<\/strong>b\u00f6den (entstanden durch den R\u00fcckzug der Gletscher nach der letzten Eiszeit), sandig, durchl\u00e4ssig und optimal exponiert, sind die perfekte Zutat f\u00fcr den Anbau.<\/p>\n<p>Die B\u00f6den sind reich an <strong>Mineralien<\/strong>, die Anwesenheit von Gestein (Skelett im Fachjargon), Kalkstein und die gro\u00dfe Durchl\u00e4ssigkeit verleihen den aus den Oliven gewonnenen \u00d6len besondere, feine, ausgewogene Geschm\u00e4cker und dank des milden aber kalten Klimas einzigartige organoleptische Eigenschaften in der italienischen Landschaft.<\/p>\n<p>Unsere \u00d6le sind tats\u00e4chlich diejenigen mit dem h\u00f6chsten Gehalt an <strong>\u00d6ls\u00e4ure<\/strong>; der einfach unges\u00e4ttigten S\u00e4ure schlechthin. <strong>Polyphenole<\/strong>, <strong>Vitamin E<\/strong> und <strong>Antioxidantien<\/strong> vervollst\u00e4ndigen ihre wohltuenden Eigenschaften.<\/p>\n<p>Aber nach dem universellen Gesetz des Gebens und Nehmens m\u00fcssen die B\u00f6den mit den von den Pflanzen absorbierten, durch Regen ausgewaschenen und durch das Klima verarmten Substanzen erg\u00e4nzt werden, so viel die Olivenb\u00e4ume absorbieren.<\/p>\n<p>Und hier kommt unsere technische F\u00e4higkeit und unsere <strong>Philosophie<\/strong> <strong>biologische<\/strong> ins Spiel; auf v\u00f6llig nat\u00fcrliche Weise wird der Boden wieder mit Rindermist angereichert (der absolut beste organische Stoff), der \u00fcber die Jahre die Durchl\u00e4ssigkeit, die Wasserretention und die Ausstattung mit N\u00e4hrstoffen verbessert. W\u00e4hrend des Jahres verwenden wir hingegen auf den Baumkronen Extrakte auf Basis von <strong>Meeresalgen<\/strong> <strong>marine<\/strong>, sofort verf\u00fcgbare <strong>Aminos\u00e4uren<\/strong> und fl\u00fcssige <strong>Mikroelemente<\/strong> <strong>liquide<\/strong>; all dies, um \u00fcppiges Wachstum und reiche Produktion zu gew\u00e4hrleisten. <\/p>\n<p>Selbstverst\u00e4ndlich sind die Dosen, die verteilten Mengen und die Verteilungszeiten nicht zuf\u00e4llig, sondern entstehen aus <strong>analisi<\/strong> <strong>spezifischen<\/strong> <strong>dei<\/strong> <strong>terreni<\/strong>, die den Gesundheitszustand derselben und ihre Kraft und F\u00e4higkeit aufzeigen, den Olivenb\u00e4umen \u201eNahrung&#8220; zu bieten. Analysen, die wir jedes Jahr durchf\u00fchren und die wir mit den <strong>klimatischen<\/strong> <strong>Daten<\/strong> (Niederschlag und Temperaturen in erster Linie) korrelieren; die Verflechtung der Daten erm\u00f6glicht es, Mengen, Dosen, Art der Produkte und Verteilungsmethoden festzulegen. <\/p>\n<p>Ich f\u00fcge hinzu, dass alles f\u00fcr den <strong>Respekt<\/strong> <strong>des \u00d6kosystems<\/strong> im Allgemeinen durchdacht und \u00fcberlegt ist, das etwas Lebendiges, Greifbares, aber \u00e4u\u00dferst Zerbrechliches und Empfindliches ist.<\/p>\n<p>Im Boden leben <strong>Milliarden von Mikroorganismen und Insekten<\/strong>, die, obwohl mit blo\u00dfem Auge unsichtbar, die organischen Grundprozesse f\u00fcr das Leben der Flora, Fauna und des Bodens selbst gew\u00e4hrleisten und erm\u00f6glichen.<\/p>\n<p>Unsere Aufgabe und Verantwortung als mittlerweile anerkannte dominante Spezies auf dem Planeten Erde ist die Erhaltung all dessen, f\u00fcr uns und f\u00fcr andere.<\/p>\n<p>Denn die Erde ist etwas Unglaubliches, Einzigartiges und Seltenes im Universum, das uns umgibt.<\/p>\n\t\t\t\t\t\t\t\t<\/div>\n\t\t\t\t<\/div>\n\t\t\t\t\t<\/div>\n\t\t\t\t<\/div>\n\t\t\t\t<\/div>\n\t\t","protected":false},"excerpt":{"rendered":"<p>T\u00e4glich streicheln die Zweige unserer Olivenhaine die Ufer des Lago di Garda, aus dem sie lebenswichtigen Saft f\u00fcr ihren Unterhalt ziehen. Und der Olivenanbau hat hier seine Wurzeln in uralten Zeiten: Man denke nur daran, dass antike Texte von Gruppen [&hellip;]<\/p>\n","protected":false},"author":1,"featured_media":6785,"comment_status":"closed","ping_status":"closed","sticky":true,"template":"","format":"standard","meta":{"footnotes":""},"categories":[165,141],"tags":[],"class_list":["post-6784","post","type-post","status-publish","format-standard","has-post-thumbnail","hentry","category-biologische-landwirtschaft","category-umwelt-und-nachhaltigkeit"],"yoast_head":"<!-- This site is optimized with the Yoast SEO plugin v28.3 - https:\/\/yoast.com\/product\/yoast-seo-wordpress\/ -->\n<title>Bodeneigenschaften und Mikroklima - Videlle<\/title>\n<meta name=\"description\" content=\"Videlle Bionatura: Leidenschaft f\u00fcr biologische Landwirtschaft\" \/>\n<meta name=\"robots\" content=\"index, follow, max-snippet:-1, max-image-preview:large, max-video-preview:-1\" \/>\n<link rel=\"canonical\" href=\"https:\/\/videllebionatura.it\/de\/bodeneigenschaften-und-mikroklima\/\" \/>\n<meta property=\"og:locale\" content=\"de_DE\" \/>\n<meta property=\"og:type\" content=\"article\" \/>\n<meta property=\"og:title\" content=\"Bodeneigenschaften und Mikroklima - Videlle\" \/>\n<meta property=\"og:description\" content=\"Videlle Bionatura: Leidenschaft f\u00fcr biologische Landwirtschaft\" \/>\n<meta property=\"og:url\" content=\"https:\/\/videllebionatura.it\/de\/bodeneigenschaften-und-mikroklima\/\" \/>\n<meta property=\"og:site_name\" content=\"Videlle\" \/>\n<meta property=\"article:published_time\" content=\"2025-11-04T08:46:44+00:00\" \/>\n<meta property=\"article:modified_time\" content=\"2025-11-15T15:51:47+00:00\" \/>\n<meta property=\"og:image\" content=\"https:\/\/videllebionatura.it\/wp-content\/uploads\/2025\/11\/1-2.png\" \/>\n\t<meta property=\"og:image:width\" content=\"940\" \/>\n\t<meta property=\"og:image:height\" content=\"788\" \/>\n\t<meta property=\"og:image:type\" content=\"image\/png\" \/>\n<meta name=\"author\" content=\"admin\" \/>\n<meta name=\"twitter:card\" content=\"summary_large_image\" \/>\n<meta name=\"twitter:label1\" content=\"Verfasst von\" \/>\n\t<meta name=\"twitter:data1\" content=\"admin\" \/>\n\t<meta name=\"twitter:label2\" content=\"Gesch\u00e4tzte Lesezeit\" \/>\n\t<meta name=\"twitter:data2\" content=\"3\u00a0Minuten\" \/>\n<script type=\"application\/ld+json\" class=\"yoast-schema-graph\">{\"@context\":\"https:\\\/\\\/schema.org\",\"@graph\":[{\"@type\":\"Article\",\"@id\":\"https:\\\/\\\/videllebionatura.it\\\/de\\\/bodeneigenschaften-und-mikroklima\\\/#article\",\"isPartOf\":{\"@id\":\"https:\\\/\\\/videllebionatura.it\\\/de\\\/bodeneigenschaften-und-mikroklima\\\/\"},\"author\":{\"name\":\"admin\",\"@id\":\"https:\\\/\\\/videllebionatura.it\\\/de\\\/#\\\/schema\\\/person\\\/fe1a5549801ff1fe7950df15d5d9c33e\"},\"headline\":\"Bodeneigenschaften und Mikroklima\",\"datePublished\":\"2025-11-04T08:46:44+00:00\",\"dateModified\":\"2025-11-15T15:51:47+00:00\",\"mainEntityOfPage\":{\"@id\":\"https:\\\/\\\/videllebionatura.it\\\/de\\\/bodeneigenschaften-und-mikroklima\\\/\"},\"wordCount\":523,\"image\":{\"@id\":\"https:\\\/\\\/videllebionatura.it\\\/de\\\/bodeneigenschaften-und-mikroklima\\\/#primaryimage\"},\"thumbnailUrl\":\"https:\\\/\\\/videllebionatura.it\\\/wp-content\\\/uploads\\\/2025\\\/11\\\/1-2.png\",\"articleSection\":[\"Biologische Landwirtschaft\",\"Umwelt und Nachhaltigkeit\"],\"inLanguage\":\"de\"},{\"@type\":\"WebPage\",\"@id\":\"https:\\\/\\\/videllebionatura.it\\\/de\\\/bodeneigenschaften-und-mikroklima\\\/\",\"url\":\"https:\\\/\\\/videllebionatura.it\\\/de\\\/bodeneigenschaften-und-mikroklima\\\/\",\"name\":\"Bodeneigenschaften und Mikroklima - Videlle\",\"isPartOf\":{\"@id\":\"https:\\\/\\\/videllebionatura.it\\\/de\\\/#website\"},\"primaryImageOfPage\":{\"@id\":\"https:\\\/\\\/videllebionatura.it\\\/de\\\/bodeneigenschaften-und-mikroklima\\\/#primaryimage\"},\"image\":{\"@id\":\"https:\\\/\\\/videllebionatura.it\\\/de\\\/bodeneigenschaften-und-mikroklima\\\/#primaryimage\"},\"thumbnailUrl\":\"https:\\\/\\\/videllebionatura.it\\\/wp-content\\\/uploads\\\/2025\\\/11\\\/1-2.png\",\"datePublished\":\"2025-11-04T08:46:44+00:00\",\"dateModified\":\"2025-11-15T15:51:47+00:00\",\"author\":{\"@id\":\"https:\\\/\\\/videllebionatura.it\\\/de\\\/#\\\/schema\\\/person\\\/fe1a5549801ff1fe7950df15d5d9c33e\"},\"description\":\"Videlle Bionatura: Leidenschaft f\u00fcr biologische Landwirtschaft\",\"breadcrumb\":{\"@id\":\"https:\\\/\\\/videllebionatura.it\\\/de\\\/bodeneigenschaften-und-mikroklima\\\/#breadcrumb\"},\"inLanguage\":\"de\",\"potentialAction\":[{\"@type\":\"ReadAction\",\"target\":[\"https:\\\/\\\/videllebionatura.it\\\/de\\\/bodeneigenschaften-und-mikroklima\\\/\"]}]},{\"@type\":\"ImageObject\",\"inLanguage\":\"de\",\"@id\":\"https:\\\/\\\/videllebionatura.it\\\/de\\\/bodeneigenschaften-und-mikroklima\\\/#primaryimage\",\"url\":\"https:\\\/\\\/videllebionatura.it\\\/wp-content\\\/uploads\\\/2025\\\/11\\\/1-2.png\",\"contentUrl\":\"https:\\\/\\\/videllebionatura.it\\\/wp-content\\\/uploads\\\/2025\\\/11\\\/1-2.png\",\"width\":940,\"height\":788,\"caption\":\"Bio-\u00d6l\"},{\"@type\":\"BreadcrumbList\",\"@id\":\"https:\\\/\\\/videllebionatura.it\\\/de\\\/bodeneigenschaften-und-mikroklima\\\/#breadcrumb\",\"itemListElement\":[{\"@type\":\"ListItem\",\"position\":1,\"name\":\"Home\",\"item\":\"https:\\\/\\\/videllebionatura.it\\\/de\\\/\"},{\"@type\":\"ListItem\",\"position\":2,\"name\":\"Bodeneigenschaften und Mikroklima\"}]},{\"@type\":\"WebSite\",\"@id\":\"https:\\\/\\\/videllebionatura.it\\\/de\\\/#website\",\"url\":\"https:\\\/\\\/videllebionatura.it\\\/de\\\/\",\"name\":\"Videlle\",\"description\":\"\",\"potentialAction\":[{\"@type\":\"SearchAction\",\"target\":{\"@type\":\"EntryPoint\",\"urlTemplate\":\"https:\\\/\\\/videllebionatura.it\\\/de\\\/?s={search_term_string}\"},\"query-input\":{\"@type\":\"PropertyValueSpecification\",\"valueRequired\":true,\"valueName\":\"search_term_string\"}}],\"inLanguage\":\"de\"},{\"@type\":\"Person\",\"@id\":\"https:\\\/\\\/videllebionatura.it\\\/de\\\/#\\\/schema\\\/person\\\/fe1a5549801ff1fe7950df15d5d9c33e\",\"name\":\"admin\",\"image\":{\"@type\":\"ImageObject\",\"inLanguage\":\"de\",\"@id\":\"https:\\\/\\\/secure.gravatar.com\\\/avatar\\\/9de6b29ccd5250b3fa80f3e0dcae5b5ca57902f6640a087711e8a40362c66ee4?s=96&d=mm&r=g\",\"url\":\"https:\\\/\\\/secure.gravatar.com\\\/avatar\\\/9de6b29ccd5250b3fa80f3e0dcae5b5ca57902f6640a087711e8a40362c66ee4?s=96&d=mm&r=g\",\"contentUrl\":\"https:\\\/\\\/secure.gravatar.com\\\/avatar\\\/9de6b29ccd5250b3fa80f3e0dcae5b5ca57902f6640a087711e8a40362c66ee4?s=96&d=mm&r=g\",\"caption\":\"admin\"},\"sameAs\":[\"https:\\\/\\\/videllebionatura.it\"],\"url\":\"https:\\\/\\\/videllebionatura.it\\\/de\\\/author\\\/wp-madl\\\/\"}]}<\/script>\n<!-- \/ Yoast SEO plugin. -->","yoast_head_json":{"title":"Bodeneigenschaften und Mikroklima - Videlle","description":"Videlle Bionatura: Leidenschaft f\u00fcr biologische Landwirtschaft","robots":{"index":"index","follow":"follow","max-snippet":"max-snippet:-1","max-image-preview":"max-image-preview:large","max-video-preview":"max-video-preview:-1"},"canonical":"https:\/\/videllebionatura.it\/de\/bodeneigenschaften-und-mikroklima\/","og_locale":"de_DE","og_type":"article","og_title":"Bodeneigenschaften und Mikroklima - Videlle","og_description":"Videlle Bionatura: Leidenschaft f\u00fcr biologische Landwirtschaft","og_url":"https:\/\/videllebionatura.it\/de\/bodeneigenschaften-und-mikroklima\/","og_site_name":"Videlle","article_published_time":"2025-11-04T08:46:44+00:00","article_modified_time":"2025-11-15T15:51:47+00:00","og_image":[{"width":940,"height":788,"url":"https:\/\/videllebionatura.it\/wp-content\/uploads\/2025\/11\/1-2.png","type":"image\/png"}],"author":"admin","twitter_card":"summary_large_image","twitter_misc":{"Verfasst von":"admin","Gesch\u00e4tzte Lesezeit":"3\u00a0Minuten"},"schema":{"@context":"https:\/\/schema.org","@graph":[{"@type":"Article","@id":"https:\/\/videllebionatura.it\/de\/bodeneigenschaften-und-mikroklima\/#article","isPartOf":{"@id":"https:\/\/videllebionatura.it\/de\/bodeneigenschaften-und-mikroklima\/"},"author":{"name":"admin","@id":"https:\/\/videllebionatura.it\/de\/#\/schema\/person\/fe1a5549801ff1fe7950df15d5d9c33e"},"headline":"Bodeneigenschaften und Mikroklima","datePublished":"2025-11-04T08:46:44+00:00","dateModified":"2025-11-15T15:51:47+00:00","mainEntityOfPage":{"@id":"https:\/\/videllebionatura.it\/de\/bodeneigenschaften-und-mikroklima\/"},"wordCount":523,"image":{"@id":"https:\/\/videllebionatura.it\/de\/bodeneigenschaften-und-mikroklima\/#primaryimage"},"thumbnailUrl":"https:\/\/videllebionatura.it\/wp-content\/uploads\/2025\/11\/1-2.png","articleSection":["Biologische Landwirtschaft","Umwelt und Nachhaltigkeit"],"inLanguage":"de"},{"@type":"WebPage","@id":"https:\/\/videllebionatura.it\/de\/bodeneigenschaften-und-mikroklima\/","url":"https:\/\/videllebionatura.it\/de\/bodeneigenschaften-und-mikroklima\/","name":"Bodeneigenschaften und Mikroklima - Videlle","isPartOf":{"@id":"https:\/\/videllebionatura.it\/de\/#website"},"primaryImageOfPage":{"@id":"https:\/\/videllebionatura.it\/de\/bodeneigenschaften-und-mikroklima\/#primaryimage"},"image":{"@id":"https:\/\/videllebionatura.it\/de\/bodeneigenschaften-und-mikroklima\/#primaryimage"},"thumbnailUrl":"https:\/\/videllebionatura.it\/wp-content\/uploads\/2025\/11\/1-2.png","datePublished":"2025-11-04T08:46:44+00:00","dateModified":"2025-11-15T15:51:47+00:00","author":{"@id":"https:\/\/videllebionatura.it\/de\/#\/schema\/person\/fe1a5549801ff1fe7950df15d5d9c33e"},"description":"Videlle Bionatura: Leidenschaft f\u00fcr biologische Landwirtschaft","breadcrumb":{"@id":"https:\/\/videllebionatura.it\/de\/bodeneigenschaften-und-mikroklima\/#breadcrumb"},"inLanguage":"de","potentialAction":[{"@type":"ReadAction","target":["https:\/\/videllebionatura.it\/de\/bodeneigenschaften-und-mikroklima\/"]}]},{"@type":"ImageObject","inLanguage":"de","@id":"https:\/\/videllebionatura.it\/de\/bodeneigenschaften-und-mikroklima\/#primaryimage","url":"https:\/\/videllebionatura.it\/wp-content\/uploads\/2025\/11\/1-2.png","contentUrl":"https:\/\/videllebionatura.it\/wp-content\/uploads\/2025\/11\/1-2.png","width":940,"height":788,"caption":"Bio-\u00d6l"},{"@type":"BreadcrumbList","@id":"https:\/\/videllebionatura.it\/de\/bodeneigenschaften-und-mikroklima\/#breadcrumb","itemListElement":[{"@type":"ListItem","position":1,"name":"Home","item":"https:\/\/videllebionatura.it\/de\/"},{"@type":"ListItem","position":2,"name":"Bodeneigenschaften und Mikroklima"}]},{"@type":"WebSite","@id":"https:\/\/videllebionatura.it\/de\/#website","url":"https:\/\/videllebionatura.it\/de\/","name":"Videlle","description":"","potentialAction":[{"@type":"SearchAction","target":{"@type":"EntryPoint","urlTemplate":"https:\/\/videllebionatura.it\/de\/?s={search_term_string}"},"query-input":{"@type":"PropertyValueSpecification","valueRequired":true,"valueName":"search_term_string"}}],"inLanguage":"de"},{"@type":"Person","@id":"https:\/\/videllebionatura.it\/de\/#\/schema\/person\/fe1a5549801ff1fe7950df15d5d9c33e","name":"admin","image":{"@type":"ImageObject","inLanguage":"de","@id":"https:\/\/secure.gravatar.com\/avatar\/9de6b29ccd5250b3fa80f3e0dcae5b5ca57902f6640a087711e8a40362c66ee4?s=96&d=mm&r=g","url":"https:\/\/secure.gravatar.com\/avatar\/9de6b29ccd5250b3fa80f3e0dcae5b5ca57902f6640a087711e8a40362c66ee4?s=96&d=mm&r=g","contentUrl":"https:\/\/secure.gravatar.com\/avatar\/9de6b29ccd5250b3fa80f3e0dcae5b5ca57902f6640a087711e8a40362c66ee4?s=96&d=mm&r=g","caption":"admin"},"sameAs":["https:\/\/videllebionatura.it"],"url":"https:\/\/videllebionatura.it\/de\/author\/wp-madl\/"}]}},"_links":{"self":[{"href":"https:\/\/videllebionatura.it\/de\/wp-json\/wp\/v2\/posts\/6784","targetHints":{"allow":["GET"]}}],"collection":[{"href":"https:\/\/videllebionatura.it\/de\/wp-json\/wp\/v2\/posts"}],"about":[{"href":"https:\/\/videllebionatura.it\/de\/wp-json\/wp\/v2\/types\/post"}],"author":[{"embeddable":true,"href":"https:\/\/videllebionatura.it\/de\/wp-json\/wp\/v2\/users\/1"}],"replies":[{"embeddable":true,"href":"https:\/\/videllebionatura.it\/de\/wp-json\/wp\/v2\/comments?post=6784"}],"version-history":[{"count":5,"href":"https:\/\/videllebionatura.it\/de\/wp-json\/wp\/v2\/posts\/6784\/revisions"}],"predecessor-version":[{"id":6794,"href":"https:\/\/videllebionatura.it\/de\/wp-json\/wp\/v2\/posts\/6784\/revisions\/6794"}],"wp:featuredmedia":[{"embeddable":true,"href":"https:\/\/videllebionatura.it\/de\/wp-json\/wp\/v2\/media\/6785"}],"wp:attachment":[{"href":"https:\/\/videllebionatura.it\/de\/wp-json\/wp\/v2\/media?parent=6784"}],"wp:term":[{"taxonomy":"category","embeddable":true,"href":"https:\/\/videllebionatura.it\/de\/wp-json\/wp\/v2\/categories?post=6784"},{"taxonomy":"post_tag","embeddable":true,"href":"https:\/\/videllebionatura.it\/de\/wp-json\/wp\/v2\/tags?post=6784"}],"curies":[{"name":"wp","href":"https:\/\/api.w.org\/{rel}","templated":true}]}}